{"id":694,"date":"2020-09-28T13:08:45","date_gmt":"2020-09-28T12:08:45","guid":{"rendered":"http:\/\/www.sallsjoskoterklubb.se\/wp\/?p=694"},"modified":"2024-10-16T17:30:22","modified_gmt":"2024-10-16T16:30:22","slug":"skoterledsunderhall-som-pagar-under-sommar-host-2020","status":"publish","type":"post","link":"http:\/\/www.sallsjoskoterklubb.se\/wp\/allmant\/skoterledsunderhall-som-pagar-under-sommar-host-2020\/","title":{"rendered":"SKOTERLEDSUNDERH\u00c5LL SOM P\u00c5G\u00c5R UNDER SOMMAR\/H\u00d6ST 2020"},"content":{"rendered":"\n<div class=\"wp-block-image\"><figure class=\"aligncenter is-resized\"><img loading=\"lazy\" decoding=\"async\" src=\"http:\/\/www.sallsjoskoterklubb.se\/wp\/wp-content\/uploads\/2020\/12\/BroiKvitsle-128509498_3486118554836128_1366895176065263785_o-2.jpg\" alt=\"\" class=\"wp-image-725\" width=\"401\" height=\"712\" srcset=\"http:\/\/www.sallsjoskoterklubb.se\/wp\/wp-content\/uploads\/2020\/12\/BroiKvitsle-128509498_3486118554836128_1366895176065263785_o-2.jpg 526w, http:\/\/www.sallsjoskoterklubb.se\/wp\/wp-content\/uploads\/2020\/12\/BroiKvitsle-128509498_3486118554836128_1366895176065263785_o-2-169x300.jpg 169w\" sizes=\"auto, (max-width: 401px) 100vw, 401px\" \/><figcaption> <br><strong><em>Anders, Viktor och Rolf bygger broar mellan Kvitsle och Mattmar<\/em><\/strong> <\/figcaption><\/figure><\/div>\n\n\n\n<div class=\"wp-block-image\"><figure class=\"aligncenter is-resized\"><img loading=\"lazy\" decoding=\"async\" src=\"http:\/\/www.sallsjoskoterklubb.se\/wp\/wp-content\/uploads\/2020\/10\/Mattmar_20201006_140745.jpg\" alt=\"\" class=\"wp-image-716\" width=\"489\" height=\"476\"\/><figcaption><strong>R\u00f6jning och brobyggen p\u00e5 skoterlederna i Mattmaromr\u00e5de. <\/strong><br><strong>Gluffsen \u00e4r ocks\u00e5 med.<\/strong><\/figcaption><\/figure><\/div>\n\n\n\n<div class=\"wp-block-image\"><figure class=\"aligncenter is-resized\"><img loading=\"lazy\" decoding=\"async\" src=\"http:\/\/www.sallsjoskoterklubb.se\/wp\/wp-content\/uploads\/2020\/10\/Sj\u00e4tten-1-20201006_135001.jpg\" alt=\"\" class=\"wp-image-711\" width=\"483\" height=\"462\"\/><figcaption><strong>Renovering av bron \u00f6ver J\u00e4rvdalsb\u00e4cken i Spj\u00e4tten. Peter, Tomas, Ulrika, Larsa och Bullen.<\/strong><\/figcaption><\/figure><\/div>\n\n\n\n<div class=\"wp-block-image\"><figure class=\"aligncenter is-resized\"><img loading=\"lazy\" decoding=\"async\" src=\"http:\/\/www.sallsjoskoterklubb.se\/wp\/wp-content\/uploads\/2020\/10\/M\u00e5rdis-Tallberget-20201006_130301-1-760x1024.jpg\" alt=\"\" class=\"wp-image-708\" width=\"414\" height=\"558\" srcset=\"http:\/\/www.sallsjoskoterklubb.se\/wp\/wp-content\/uploads\/2020\/10\/M\u00e5rdis-Tallberget-20201006_130301-1-760x1024.jpg 760w, http:\/\/www.sallsjoskoterklubb.se\/wp\/wp-content\/uploads\/2020\/10\/M\u00e5rdis-Tallberget-20201006_130301-1-223x300.jpg 223w, http:\/\/www.sallsjoskoterklubb.se\/wp\/wp-content\/uploads\/2020\/10\/M\u00e5rdis-Tallberget-20201006_130301-1-768x1035.jpg 768w, http:\/\/www.sallsjoskoterklubb.se\/wp\/wp-content\/uploads\/2020\/10\/M\u00e5rdis-Tallberget-20201006_130301-1.jpg 1080w\" sizes=\"auto, (max-width: 414px) 100vw, 414px\" \/><figcaption><strong>Ny bro mellan M\u00e5rdsundsbodarna och \u00d6ster\u00e5n (Tallberget) Byggarna Tomas, Ulrika, Hans och Larsa.<\/strong><br><br><br><\/figcaption><\/figure><\/div>\n\n\n\n<div class=\"wp-block-image\"><figure class=\"aligncenter is-resized\"><img loading=\"lazy\" decoding=\"async\" src=\"http:\/\/www.sallsjoskoterklubb.se\/wp\/wp-content\/uploads\/2020\/09\/V\u00e4sek.20200929_085945.jpg\" alt=\"\" class=\"wp-image-700\" width=\"400\" height=\"363\" srcset=\"http:\/\/www.sallsjoskoterklubb.se\/wp\/wp-content\/uploads\/2020\/09\/V\u00e4sek.20200929_085945.jpg 782w, http:\/\/www.sallsjoskoterklubb.se\/wp\/wp-content\/uploads\/2020\/09\/V\u00e4sek.20200929_085945-300x272.jpg 300w, http:\/\/www.sallsjoskoterklubb.se\/wp\/wp-content\/uploads\/2020\/09\/V\u00e4sek.20200929_085945-768x696.jpg 768w\" sizes=\"auto, (max-width: 400px) 100vw, 400px\" \/><\/figure><\/div>\n\n\n\n<div class=\"wp-block-image\"><figure class=\"aligncenter is-resized\"><img loading=\"lazy\" decoding=\"async\" src=\"http:\/\/www.sallsjoskoterklubb.se\/wp\/wp-content\/uploads\/2020\/09\/image0000001.jpg\" alt=\"\" class=\"wp-image-693\" width=\"389\" height=\"518\" srcset=\"http:\/\/www.sallsjoskoterklubb.se\/wp\/wp-content\/uploads\/2020\/09\/image0000001.jpg 480w, http:\/\/www.sallsjoskoterklubb.se\/wp\/wp-content\/uploads\/2020\/09\/image0000001-225x300.jpg 225w\" sizes=\"auto, (max-width: 389px) 100vw, 389px\" \/><figcaption>Callis och Staffan r\u00f6jde leden ner till Djupsj\u00f6n fr\u00e5n Svenstavallen.<\/figcaption><\/figure><\/div>\n","protected":false},"excerpt":{"rendered":"","protected":false},"author":12,"featured_media":0,"comment_status":"closed","ping_status":"closed","sticky":false,"template":"","format":"standard","meta":{"_s2mail":"yes","footnotes":""},"categories":[1],"tags":[],"class_list":["post-694","post","type-post","status-publish","format-standard","hentry","category-allmant"],"_links":{"self":[{"href":"http:\/\/www.sallsjoskoterklubb.se\/wp\/wp-json\/wp\/v2\/posts\/694","targetHints":{"allow":["GET"]}}],"collection":[{"href":"http:\/\/www.sallsjoskoterklubb.se\/wp\/wp-json\/wp\/v2\/posts"}],"about":[{"href":"http:\/\/www.sallsjoskoterklubb.se\/wp\/wp-json\/wp\/v2\/types\/post"}],"author":[{"embeddable":true,"href":"http:\/\/www.sallsjoskoterklubb.se\/wp\/wp-json\/wp\/v2\/users\/12"}],"replies":[{"embeddable":true,"href":"http:\/\/www.sallsjoskoterklubb.se\/wp\/wp-json\/wp\/v2\/comments?post=694"}],"version-history":[{"count":12,"href":"http:\/\/www.sallsjoskoterklubb.se\/wp\/wp-json\/wp\/v2\/posts\/694\/revisions"}],"predecessor-version":[{"id":727,"href":"http:\/\/www.sallsjoskoterklubb.se\/wp\/wp-json\/wp\/v2\/posts\/694\/revisions\/727"}],"wp:attachment":[{"href":"http:\/\/www.sallsjoskoterklubb.se\/wp\/wp-json\/wp\/v2\/media?parent=694"}],"wp:term":[{"taxonomy":"category","embeddable":true,"href":"http:\/\/www.sallsjoskoterklubb.se\/wp\/wp-json\/wp\/v2\/categories?post=694"},{"taxonomy":"post_tag","embeddable":true,"href":"http:\/\/www.sallsjoskoterklubb.se\/wp\/wp-json\/wp\/v2\/tags?post=694"}],"curies":[{"name":"wp","href":"https:\/\/api.w.org\/{rel}","templated":true}]}}